{"id":225,"date":"2026-04-13T22:49:25","date_gmt":"2026-04-13T22:49:25","guid":{"rendered":"https:\/\/burguer.mercadolacancha.com\/?p=225"},"modified":"2026-04-14T00:26:54","modified_gmt":"2026-04-14T00:26:54","slug":"que-suenan-los-perros","status":"publish","type":"post","link":"https:\/\/unifranz.ejesrl.net\/snakis\/que-suenan-los-perros\/","title":{"rendered":"\u00bfQu\u00e9 sue\u00f1an los perros?"},"content":{"rendered":"<div class=\"wpb-content-wrapper\"><p>[vc_row][vc_column][vc_column_text css=\u00bb\u00bb]<span style=\"color: #ffffff;\">Seg\u00fan la confirmaci\u00f3n de un estudio de una universidad americana, se demostr\u00f3 que los perros sue\u00f1an como lo hacemos los humanos, recordando cosas que hacen en su d\u00eda a d\u00eda, como la relaci\u00f3n con sus propietarios, la comida o los paseos.<\/span>[\/vc_column_text][\/vc_column][\/vc_row][vc_row][vc_column]<div class=\"dt-fancy-separator h4-size\" style=\"width: 100%;\"><div class=\"dt-fancy-title\" style=\"color: #FFFFFF;\"><span class=\"separator-holder separator-left\"><\/span>Fase profunda del sue\u00f1o de un perro<span class=\"separator-holder separator-right\"><\/span><\/div><\/div>[vc_column_text css=\u00bb\u00bb]<span style=\"color: #ffffff;\">Durante la fase m\u00e1s profunda del sue\u00f1o, los ojos de los perros se mueven r\u00e1pido bajo los p\u00e1rpados igual que nos ocurre a nosotros, y en ese periodo, nuestras mascotas tambi\u00e9n pueden mostrar otras actividades f\u00edsicas, como gru\u00f1idos, gemidos o movimientos de las patas o la cola que imitan los que llevan a cabo cuando juegan o corren. As\u00ed, se llega a la conclusi\u00f3n de que es en estos momentos en los que el perro sue\u00f1a, y con toda probabilidad, sue\u00f1a cosas relacionadas con su vida cotidiana, como jugar, correr, comer o estar con sus propietarios.<\/span>[\/vc_column_text][\/vc_column][\/vc_row][vc_row][vc_column]<div class=\"dt-fancy-separator h4-size\" style=\"width: 100%;\"><div class=\"dt-fancy-title\" style=\"color: #FFFFFF;\"><span class=\"separator-holder separator-left\"><\/span>Similitudes y diferencias del sue\u00f1o de los perros con el del humano<span class=\"separator-holder separator-right\"><\/span><\/div><\/div>[vc_column_text css=\u00bb\u00bb]<span style=\"color: #ffffff;\">Se han realizado pruebas de actividad del cerebro con receptores de ondas cerebrales de los perros mientras duermen (parches completamente indoloros) y se ha observado que los patrones de sue\u00f1o son muy similares a los de los humanos, puesto que los gr\u00e1ficos que se obtienen son casi id\u00e9nticos.<\/span><\/p>\n<p><span style=\"color: #ffffff;\">Tambi\u00e9n se ha descubierto que, igual que en los humanos, pueden so\u00f1ar cosas que les gustan o bien tener pesadillas, aunque es importante tener presente que estas \u00faltimas ser\u00e1n especialmente dif\u00edciles de abordar en el caso de perros adoptados y cuya historia previa no sepamos, ya que tendr\u00e1n fobias o miedos que desconocemos.<\/span><\/p>\n<p><span style=\"color: #ffffff;\">Aun as\u00ed, existen rasgos, por descontado, que var\u00edan entre humanos y perros respecto a los ciclos de sue\u00f1o y vigilia: los perros despiertan continuamente durante el descanso (duermen 5 a 20 minutos y se mantienen despiertos otros cinco minutos) por el h\u00e1bito heredado de su ancestro, el lobo, es decir, van alternando sue\u00f1o y vigilia; es una conducta adaptada a la necesidad de cazar en la naturaleza, igual que el agudo sentido del o\u00eddo y el nivel de alerta constante.<\/span>[\/vc_column_text][\/vc_column][\/vc_row][vc_row][vc_column]<div class=\"dt-fancy-separator h4-size\" style=\"width: 100%;\"><div class=\"dt-fancy-title\" style=\"color: #FFFFFF;\"><span class=\"separator-holder separator-left\"><\/span>La edad y la raza del perro influyen en el sue\u00f1o<span class=\"separator-holder separator-right\"><\/span><\/div><\/div>[vc_column_text css=\u00bb\u00bb]<span style=\"color: #ffffff;\">Seg\u00fan dicho estudio, los perros sue\u00f1an m\u00e1s de cachorros, aunque son sue\u00f1os de menor duraci\u00f3n porque en esta etapa de su vida est\u00e1n captando gran cantidad de est\u00edmulos nuevos, mientras que los perros adultos tienen sue\u00f1os m\u00e1s largos pero con un sue\u00f1o m\u00e1s superficial. Por eso es importante no despertar a los cachorros cuando est\u00e1n profundamente dormidos, puesto que podr\u00edan asustarse mucho. De hecho, lo que van aprendiendo en su d\u00eda a d\u00eda se consolida durante las horas en las que duermen.<\/span><\/p>\n<p><span style=\"color: #ffffff;\">Tambi\u00e9n se sabe que el tama\u00f1o de la raza influye en la frecuencia con la que sue\u00f1an los perros. As\u00ed, los perros de tipo toy pueden so\u00f1ar varias veces en una hora, mientras que los de tipo mediano o grande solo lo hacen una vez cada dos horas, aproximadamente.<\/span>[\/vc_column_text][\/vc_column][\/vc_row][vc_row][vc_column]<div class=\"dt-fancy-separator h4-size\" style=\"width: 100%;\"><div class=\"dt-fancy-title\" style=\"color: #FFFFFF;\"><span class=\"separator-holder separator-left\"><\/span>C\u00f3mo favorecer un descanso apropiado de tu perro<span class=\"separator-holder separator-right\"><\/span><\/div><\/div>[vc_column_text css=\u00bb\u00bb]<span style=\"color: #ffffff;\">Con el fin de mejorar el descanso de nuestro perro y lograr que su actividad, tanto f\u00edsica como mental, sea \u00f3ptima, es importante proporcionarle un lugar adecuado para dormir, y, sobre todo, dejar que sea \u00e9l quien regule los momentos y duraci\u00f3n del sue\u00f1o, sin despertarle. Y en caso de que sufra insomnio, deberemos averiguar si hay alg\u00fan problema f\u00edsico o alguna causa de estr\u00e9s que le impida descansar de forma apropiada. Es importante evitar fuentes de ansiedad, enfermedad o un ambiente inadecuado, como el calor o fr\u00edo excesivo, las corrientes de aire, etc. Si todo ello est\u00e1 garantizado y nuestra mascota sigue sin poder dormir, es fundamental llevarle al veterinario y pedir consejo.<\/span>[\/vc_column_text][\/vc_column][\/vc_row]<\/p>\n<\/div>","protected":false},"excerpt":{"rendered":"<p>[vc_row][vc_column][vc_column_text css=\u00bb\u00bb]Seg\u00fan la confirmaci\u00f3n de un estudio de una universidad americana, se demostr\u00f3 que los perros sue\u00f1an como lo hacemos los humanos, recordando cosas que hacen en su d\u00eda a d\u00eda, como la relaci\u00f3n con sus propietarios, la comida o los paseos.[\/vc_column_text][\/vc_column][\/vc_row][vc_row][vc_column][vc_column_text css=\u00bb\u00bb]Durante la fase m\u00e1s profunda del sue\u00f1o, los ojos de los perros se&hellip;<\/p>\n","protected":false},"author":1,"featured_media":226,"comment_status":"open","ping_status":"open","sticky":false,"template":"","format":"standard","meta":{"footnotes":""},"categories":[6],"tags":[],"class_list":["post-225","post","type-post","status-publish","format-standard","has-post-thumbnail","hentry","category-datos-curiosos","category-6","description-off"],"_links":{"self":[{"href":"https:\/\/unifranz.ejesrl.net\/snakis\/wp-json\/wp\/v2\/posts\/225","targetHints":{"allow":["GET"]}}],"collection":[{"href":"https:\/\/unifranz.ejesrl.net\/snakis\/wp-json\/wp\/v2\/posts"}],"about":[{"href":"https:\/\/unifranz.ejesrl.net\/snakis\/wp-json\/wp\/v2\/types\/post"}],"author":[{"embeddable":true,"href":"https:\/\/unifranz.ejesrl.net\/snakis\/wp-json\/wp\/v2\/users\/1"}],"replies":[{"embeddable":true,"href":"https:\/\/unifranz.ejesrl.net\/snakis\/wp-json\/wp\/v2\/comments?post=225"}],"version-history":[{"count":2,"href":"https:\/\/unifranz.ejesrl.net\/snakis\/wp-json\/wp\/v2\/posts\/225\/revisions"}],"predecessor-version":[{"id":244,"href":"https:\/\/unifranz.ejesrl.net\/snakis\/wp-json\/wp\/v2\/posts\/225\/revisions\/244"}],"wp:featuredmedia":[{"embeddable":true,"href":"https:\/\/unifranz.ejesrl.net\/snakis\/wp-json\/wp\/v2\/media\/226"}],"wp:attachment":[{"href":"https:\/\/unifranz.ejesrl.net\/snakis\/wp-json\/wp\/v2\/media?parent=225"}],"wp:term":[{"taxonomy":"category","embeddable":true,"href":"https:\/\/unifranz.ejesrl.net\/snakis\/wp-json\/wp\/v2\/categories?post=225"},{"taxonomy":"post_tag","embeddable":true,"href":"https:\/\/unifranz.ejesrl.net\/snakis\/wp-json\/wp\/v2\/tags?post=225"}],"curies":[{"name":"wp","href":"https:\/\/api.w.org\/{rel}","templated":true}]}}