{"id":80,"date":"2026-03-30T23:32:40","date_gmt":"2026-03-30T23:32:40","guid":{"rendered":"https:\/\/howlita.mercadolacancha.com\/?p=80"},"modified":"2026-04-27T22:21:18","modified_gmt":"2026-04-27T22:21:18","slug":"los-6-collares-que-seran-tendencia-esta-primavera-verano-2026","status":"publish","type":"post","link":"https:\/\/unifranz.ejesrl.net\/howlita\/2026\/03\/30\/los-6-collares-que-seran-tendencia-esta-primavera-verano-2026\/","title":{"rendered":"Los 6 collares que ser\u00e1n tendencia esta primavera-verano 2026"},"content":{"rendered":"\n<h2 class=\"wp-block-heading\"><strong>Los collares imprescindibles de la temporada<\/strong><\/h2>\n\n\n\n<p><strong>Los collares son al verano lo que las bufandas al invierno: un b\u00e1sico imprescindible que define la temporada.<\/strong>&nbsp;Cuando el buen tiempo se asoma, nuestras ganas de adornar con collares \u2013y otras joyas\u2013 nuestros looks va en aumento. De hecho, solo hace falta darse un paseo virtual por el&nbsp;<em>street style<\/em>&nbsp;de las principales capitales del mundo de la moda para darse cuenta de que&nbsp;<strong>los collares, lejos de ser un mero complemento, se convierten en los protagonistas absolutos de la temporada estival.<\/strong><\/p>\n\n\n\n<p>En lo que a tendencias se refiere,&nbsp;<strong>la primavera-verano 2026 nos invita a jugar con nuevos dise\u00f1os y f\u00f3rmulas para completar nuestros estilismos.<\/strong>&nbsp;En los pr\u00f3ximos meses veremos como el collar Lisa Simpson \u2013s\u00ed, has le\u00eddo bien\u2013, el collar&nbsp;<em>pouch<\/em>, los collares con borlas, las conchas, el collar cascada y el&nbsp;<em>chunky<\/em>&nbsp;se apoderan de las calles.&nbsp;<strong>\u00bfQuieres ser la primera de la clase en llevarlos?<\/strong>&nbsp;A continuaci\u00f3n te revelamos cu\u00e1les son los 6 collares que m\u00e1s se llevar\u00e1n esta primavera-verano 2026 (y d\u00f3nde encontrarlos):<\/p>\n\n\n\n<h2 class=\"wp-block-heading\">Collar Lisa Simpson<\/h2>\n\n\n\n<p>Empezamos fuerte con un collar que, por su nombre, pr\u00e1cticamente no necesita presentaci\u00f3n. Nos referimos al\u00a0<a href=\"https:\/\/www.vogue.es\/articulos\/collares-bolas-xl-tendencia-primavera-verano-2026\"><strong>collar Lisa Simpson<\/strong><\/a>, el m\u00e1s visto por las calles de Par\u00eds. Este collar dosmilero que vuelve a resurgir de entre las tendencias m\u00e1s nost\u00e1lgicas de la temporada, toma su nombre del c\u00e9lebre dibujo animado que se ha colado en nuestras casas durante la adolescencia. Se caracteriza por ser un collar llamativo, con bolas muy grandes y monocolor, lo que lo convierte en la opci\u00f3n ideal para darle un punto refrescante a un look b\u00e1sico.<\/p>\n\n\n\n<figure class=\"wp-block-image size-large\"><img loading=\"lazy\" decoding=\"async\" width=\"1024\" height=\"742\" src=\"https:\/\/unifranz.ejesrl.net\/howlita\/wp-content\/uploads\/2026\/03\/PFW_fw26_streetstyle_day6_philoh_48-1024x742.webp\" alt=\"\" class=\"wp-image-136\" srcset=\"https:\/\/unifranz.ejesrl.net\/howlita\/wp-content\/uploads\/2026\/03\/PFW_fw26_streetstyle_day6_philoh_48-1024x742.webp 1024w, https:\/\/unifranz.ejesrl.net\/howlita\/wp-content\/uploads\/2026\/03\/PFW_fw26_streetstyle_day6_philoh_48-300x218.webp 300w, https:\/\/unifranz.ejesrl.net\/howlita\/wp-content\/uploads\/2026\/03\/PFW_fw26_streetstyle_day6_philoh_48-768x557.webp 768w, https:\/\/unifranz.ejesrl.net\/howlita\/wp-content\/uploads\/2026\/03\/PFW_fw26_streetstyle_day6_philoh_48-1536x1114.webp 1536w, https:\/\/unifranz.ejesrl.net\/howlita\/wp-content\/uploads\/2026\/03\/PFW_fw26_streetstyle_day6_philoh_48-600x435.webp 600w, https:\/\/unifranz.ejesrl.net\/howlita\/wp-content\/uploads\/2026\/03\/PFW_fw26_streetstyle_day6_philoh_48.webp 1600w\" sizes=\"auto, (max-width: 1024px) 100vw, 1024px\" \/><\/figure>\n\n\n\n<h2 class=\"wp-block-heading\"><strong>El collar pouch<\/strong><\/h2>\n\n\n\n<p>De este collar llevamos varios meses hablando y, aunque el invierno no le ha permitido brillar con su m\u00e1ximo esplendor, ser\u00e1 a partir de ahora cuando pisar\u00e1 con m\u00e1s fuerza. Hablamos\u00a0<a href=\"https:\/\/www.vogue.es\/articulos\/collar-monedero-joya-tendencias-primavera-verano-2026\">del collar\u00a0<em>pouch<\/em>,<\/a>\u00a0un colgante del que cuelga un peque\u00f1o monedero o bolsillo que otorga un punto desenfadado y divertido a los estilismos primaverales y veraniegos. Lo ves, lo quieres.<\/p>\n\n\n\n<figure class=\"wp-block-image size-large\"><img loading=\"lazy\" decoding=\"async\" width=\"683\" height=\"1024\" src=\"https:\/\/unifranz.ejesrl.net\/howlita\/wp-content\/uploads\/2026\/03\/Copenhagen-str-S26-0221-683x1024.webp\" alt=\"\" class=\"wp-image-137\" srcset=\"https:\/\/unifranz.ejesrl.net\/howlita\/wp-content\/uploads\/2026\/03\/Copenhagen-str-S26-0221-683x1024.webp 683w, https:\/\/unifranz.ejesrl.net\/howlita\/wp-content\/uploads\/2026\/03\/Copenhagen-str-S26-0221-200x300.webp 200w, https:\/\/unifranz.ejesrl.net\/howlita\/wp-content\/uploads\/2026\/03\/Copenhagen-str-S26-0221-768x1152.webp 768w, https:\/\/unifranz.ejesrl.net\/howlita\/wp-content\/uploads\/2026\/03\/Copenhagen-str-S26-0221-1024x1536.webp 1024w, https:\/\/unifranz.ejesrl.net\/howlita\/wp-content\/uploads\/2026\/03\/Copenhagen-str-S26-0221-600x900.webp 600w, https:\/\/unifranz.ejesrl.net\/howlita\/wp-content\/uploads\/2026\/03\/Copenhagen-str-S26-0221.webp 1320w\" sizes=\"auto, (max-width: 683px) 100vw, 683px\" \/><\/figure>\n\n\n\n<h2 class=\"wp-block-heading\"><strong>El collar con borla<\/strong><\/h2>\n\n\n\n<p>Tranquilas,\u00a0<strong>amantes del minimalismo<\/strong>, tambi\u00e9n hay un collar entre las tendencias de primavera-verano 2026 que encaja muy bien en vuestro imaginario:\u00a0<a href=\"https:\/\/www.vogue.es\/articulos\/collar-minimalista-borla-copenhague-tendencias-2025-2026\"><strong>el collar de borla<\/strong><\/a>. Esta temporada lo encontrar\u00e1s en color negro y con una piedrita encima que lo har\u00e1 todav\u00eda m\u00e1s especial.<\/p>\n\n\n\n<figure class=\"wp-block-image size-large\"><img loading=\"lazy\" decoding=\"async\" width=\"689\" height=\"1024\" src=\"https:\/\/unifranz.ejesrl.net\/howlita\/wp-content\/uploads\/2026\/03\/GettyImages-2228851551-689x1024.webp\" alt=\"\" class=\"wp-image-138\" srcset=\"https:\/\/unifranz.ejesrl.net\/howlita\/wp-content\/uploads\/2026\/03\/GettyImages-2228851551-689x1024.webp 689w, https:\/\/unifranz.ejesrl.net\/howlita\/wp-content\/uploads\/2026\/03\/GettyImages-2228851551-202x300.webp 202w, https:\/\/unifranz.ejesrl.net\/howlita\/wp-content\/uploads\/2026\/03\/GettyImages-2228851551-768x1141.webp 768w, https:\/\/unifranz.ejesrl.net\/howlita\/wp-content\/uploads\/2026\/03\/GettyImages-2228851551-1034x1536.webp 1034w, https:\/\/unifranz.ejesrl.net\/howlita\/wp-content\/uploads\/2026\/03\/GettyImages-2228851551-1379x2048.webp 1379w, https:\/\/unifranz.ejesrl.net\/howlita\/wp-content\/uploads\/2026\/03\/GettyImages-2228851551-600x891.webp 600w, https:\/\/unifranz.ejesrl.net\/howlita\/wp-content\/uploads\/2026\/03\/GettyImages-2228851551.webp 1600w\" sizes=\"auto, (max-width: 689px) 100vw, 689px\" \/><\/figure>\n\n\n\n<h2 class=\"wp-block-heading\"><strong>El collar de concha reinventado<\/strong><\/h2>\n\n\n\n<p>Los\u00a0<a href=\"https:\/\/www.vogue.es\/articulos\/collares-conchas-tendencias-verano-2024\"><strong>collares de conchas<\/strong><\/a>\u00a0son todo un cl\u00e1sico en los meses de verano. Pero, lo cierto, es que no llegan a nosotras como te lo esperas en este 2026. Los dise\u00f1os naturales pierden fuelle frente a los dise\u00f1os con conchas grandes y plateadas, una manera de llevarse el mundo marino a un terreno mucho m\u00e1s minimalista. Y s\u00ed, eso nos encanta.<\/p>\n\n\n\n<figure class=\"wp-block-image size-large\"><img loading=\"lazy\" decoding=\"async\" width=\"683\" height=\"1024\" src=\"https:\/\/unifranz.ejesrl.net\/howlita\/wp-content\/uploads\/2026\/03\/GettyImages-2265339067-683x1024.webp\" alt=\"\" class=\"wp-image-140\" srcset=\"https:\/\/unifranz.ejesrl.net\/howlita\/wp-content\/uploads\/2026\/03\/GettyImages-2265339067-683x1024.webp 683w, https:\/\/unifranz.ejesrl.net\/howlita\/wp-content\/uploads\/2026\/03\/GettyImages-2265339067-200x300.webp 200w, https:\/\/unifranz.ejesrl.net\/howlita\/wp-content\/uploads\/2026\/03\/GettyImages-2265339067-768x1152.webp 768w, https:\/\/unifranz.ejesrl.net\/howlita\/wp-content\/uploads\/2026\/03\/GettyImages-2265339067-1024x1536.webp 1024w, https:\/\/unifranz.ejesrl.net\/howlita\/wp-content\/uploads\/2026\/03\/GettyImages-2265339067-1365x2048.webp 1365w, https:\/\/unifranz.ejesrl.net\/howlita\/wp-content\/uploads\/2026\/03\/GettyImages-2265339067-600x900.webp 600w, https:\/\/unifranz.ejesrl.net\/howlita\/wp-content\/uploads\/2026\/03\/GettyImages-2265339067.webp 1600w\" sizes=\"auto, (max-width: 683px) 100vw, 683px\" \/><\/figure>\n\n\n\n<h2 class=\"wp-block-heading\"><strong>El collar cascada<\/strong><\/h2>\n\n\n\n<p>Hay collares de 2025 que podr\u00e1s seguir volviendo a llevar este 2026. Es el caso del\u00a0<a href=\"https:\/\/www.vogue.es\/articulos\/collar-cascada-tendencias-verano-2024\">collar cascada<\/a>, que debes recuperar de tu joyero para ponerte sin parar en los pr\u00f3ximos meses. Si vas a comprarte uno nuevo, aseg\u00farate de que sea vibrante y muy colorido.<\/p>\n\n\n\n<figure class=\"wp-block-image size-large\"><img loading=\"lazy\" decoding=\"async\" width=\"683\" height=\"1024\" src=\"https:\/\/unifranz.ejesrl.net\/howlita\/wp-content\/uploads\/2026\/03\/GettyImages-2233348081-683x1024.webp\" alt=\"\" class=\"wp-image-141\" srcset=\"https:\/\/unifranz.ejesrl.net\/howlita\/wp-content\/uploads\/2026\/03\/GettyImages-2233348081-683x1024.webp 683w, https:\/\/unifranz.ejesrl.net\/howlita\/wp-content\/uploads\/2026\/03\/GettyImages-2233348081-200x300.webp 200w, https:\/\/unifranz.ejesrl.net\/howlita\/wp-content\/uploads\/2026\/03\/GettyImages-2233348081-768x1152.webp 768w, https:\/\/unifranz.ejesrl.net\/howlita\/wp-content\/uploads\/2026\/03\/GettyImages-2233348081-1024x1536.webp 1024w, https:\/\/unifranz.ejesrl.net\/howlita\/wp-content\/uploads\/2026\/03\/GettyImages-2233348081-1365x2048.webp 1365w, https:\/\/unifranz.ejesrl.net\/howlita\/wp-content\/uploads\/2026\/03\/GettyImages-2233348081-600x900.webp 600w, https:\/\/unifranz.ejesrl.net\/howlita\/wp-content\/uploads\/2026\/03\/GettyImages-2233348081.webp 1600w\" sizes=\"auto, (max-width: 683px) 100vw, 683px\" \/><\/figure>\n\n\n\n<h2 class=\"wp-block-heading\"><strong>El collar chunky<\/strong><\/h2>\n\n\n\n<p>Por \u00faltimo, pero no por ello menos importante, hablemos de los\u00a0<a href=\"https:\/\/www.vogue.es\/articulos\/collar-grueso-tendencia-clave-verano-2026\"><strong>collares\u00a0<em>chunky<\/em><\/strong><\/a>, que seguro que no pasar\u00e1n desapercibidos en tu cuello este verano\u2013. Y es que despu\u00e9s de a\u00f1os sumergidas en el minimalismo joyero, a las chicas m\u00e1s divertidas les apetece jugar con los collares y convertirlos en el eje central de sus looks. Aqu\u00ed aplica la m\u00e1xima del m\u00e1s es m\u00e1s.<\/p>\n\n\n\n<figure class=\"wp-block-image size-large\"><img loading=\"lazy\" decoding=\"async\" width=\"1024\" height=\"742\" src=\"https:\/\/unifranz.ejesrl.net\/howlita\/wp-content\/uploads\/2026\/03\/PARIS-MENS-STREETSTYLE-PHILOH-DAY1-11-ezgif.com-webp-to-jpg-converter-1024x742.webp\" alt=\"\" class=\"wp-image-142\" srcset=\"https:\/\/unifranz.ejesrl.net\/howlita\/wp-content\/uploads\/2026\/03\/PARIS-MENS-STREETSTYLE-PHILOH-DAY1-11-ezgif.com-webp-to-jpg-converter-1024x742.webp 1024w, https:\/\/unifranz.ejesrl.net\/howlita\/wp-content\/uploads\/2026\/03\/PARIS-MENS-STREETSTYLE-PHILOH-DAY1-11-ezgif.com-webp-to-jpg-converter-300x218.webp 300w, https:\/\/unifranz.ejesrl.net\/howlita\/wp-content\/uploads\/2026\/03\/PARIS-MENS-STREETSTYLE-PHILOH-DAY1-11-ezgif.com-webp-to-jpg-converter-768x557.webp 768w, https:\/\/unifranz.ejesrl.net\/howlita\/wp-content\/uploads\/2026\/03\/PARIS-MENS-STREETSTYLE-PHILOH-DAY1-11-ezgif.com-webp-to-jpg-converter-1536x1114.webp 1536w, https:\/\/unifranz.ejesrl.net\/howlita\/wp-content\/uploads\/2026\/03\/PARIS-MENS-STREETSTYLE-PHILOH-DAY1-11-ezgif.com-webp-to-jpg-converter-600x435.webp 600w, https:\/\/unifranz.ejesrl.net\/howlita\/wp-content\/uploads\/2026\/03\/PARIS-MENS-STREETSTYLE-PHILOH-DAY1-11-ezgif.com-webp-to-jpg-converter.webp 1600w\" sizes=\"auto, (max-width: 1024px) 100vw, 1024px\" \/><\/figure>\n","protected":false},"excerpt":{"rendered":"<p>Los collares imprescindibles de la temporada Los collares son al verano lo que las bufandas al invierno: un b\u00e1sico imprescindible que define la temporada.&nbsp;Cuando el buen tiempo se asoma, nuestras ganas de adornar con collares \u2013y otras joyas\u2013 nuestros looks va en aumento. De hecho, solo hace falta darse un paseo virtual por el&nbsp;street style&nbsp;de&hellip;<\/p>\n","protected":false},"author":1,"featured_media":134,"comment_status":"open","ping_status":"open","sticky":false,"template":"","format":"standard","meta":{"footnotes":""},"categories":[3],"tags":[],"class_list":["post-80","post","type-post","status-publish","format-standard","has-post-thumbnail","hentry","category-moda","category-3","description-off"],"_links":{"self":[{"href":"https:\/\/unifranz.ejesrl.net\/howlita\/wp-json\/wp\/v2\/posts\/80","targetHints":{"allow":["GET"]}}],"collection":[{"href":"https:\/\/unifranz.ejesrl.net\/howlita\/wp-json\/wp\/v2\/posts"}],"about":[{"href":"https:\/\/unifranz.ejesrl.net\/howlita\/wp-json\/wp\/v2\/types\/post"}],"author":[{"embeddable":true,"href":"https:\/\/unifranz.ejesrl.net\/howlita\/wp-json\/wp\/v2\/users\/1"}],"replies":[{"embeddable":true,"href":"https:\/\/unifranz.ejesrl.net\/howlita\/wp-json\/wp\/v2\/comments?post=80"}],"version-history":[{"count":2,"href":"https:\/\/unifranz.ejesrl.net\/howlita\/wp-json\/wp\/v2\/posts\/80\/revisions"}],"predecessor-version":[{"id":143,"href":"https:\/\/unifranz.ejesrl.net\/howlita\/wp-json\/wp\/v2\/posts\/80\/revisions\/143"}],"wp:featuredmedia":[{"embeddable":true,"href":"https:\/\/unifranz.ejesrl.net\/howlita\/wp-json\/wp\/v2\/media\/134"}],"wp:attachment":[{"href":"https:\/\/unifranz.ejesrl.net\/howlita\/wp-json\/wp\/v2\/media?parent=80"}],"wp:term":[{"taxonomy":"category","embeddable":true,"href":"https:\/\/unifranz.ejesrl.net\/howlita\/wp-json\/wp\/v2\/categories?post=80"},{"taxonomy":"post_tag","embeddable":true,"href":"https:\/\/unifranz.ejesrl.net\/howlita\/wp-json\/wp\/v2\/tags?post=80"}],"curies":[{"name":"wp","href":"https:\/\/api.w.org\/{rel}","templated":true}]}}