{"id":115,"date":"2026-04-20T23:39:24","date_gmt":"2026-04-20T23:39:24","guid":{"rendered":"https:\/\/howlita.mercadolacancha.com\/?p=115"},"modified":"2026-04-20T23:39:26","modified_gmt":"2026-04-20T23:39:26","slug":"consejos-practicos-para-combinar-tus-joyas-de-perlas-con-cualquier-atuendo","status":"publish","type":"post","link":"https:\/\/unifranz.ejesrl.net\/howlita\/2026\/04\/20\/consejos-practicos-para-combinar-tus-joyas-de-perlas-con-cualquier-atuendo\/","title":{"rendered":"Consejos pr\u00e1cticos para combinar tus joyas de perlas con cualquier atuendo."},"content":{"rendered":"\n<p><img loading=\"lazy\" decoding=\"async\" width=\"150\" height=\"188\" class=\"wp-image-117\" style=\"width: 150px;\" src=\"https:\/\/howlita.mercadolacancha.com\/wp-content\/uploads\/2026\/04\/e9c8e61fb1382811bd7586e2c94df9ca.jpg\" alt=\"\" srcset=\"https:\/\/unifranz.ejesrl.net\/howlita\/wp-content\/uploads\/2026\/04\/e9c8e61fb1382811bd7586e2c94df9ca.jpg 736w, https:\/\/unifranz.ejesrl.net\/howlita\/wp-content\/uploads\/2026\/04\/e9c8e61fb1382811bd7586e2c94df9ca-240x300.jpg 240w, https:\/\/unifranz.ejesrl.net\/howlita\/wp-content\/uploads\/2026\/04\/e9c8e61fb1382811bd7586e2c94df9ca-600x750.jpg 600w\" sizes=\"auto, (max-width: 150px) 100vw, 150px\" \/><\/p>\n\n\n\n<p><strong>El encanto de las Perlas:<\/strong> Colores suaves y dise\u00f1os con dijes para cada ocasi\u00f3n<\/p>\n\n\n\n<p>Las perlas han evolucionado. Ya no se trata solo del cl\u00e1sico collar blanco de una sola vuelta; hoy la tendencia se inclina hacia la&nbsp;<strong>delicadeza de los tonos pastel<\/strong>&nbsp;y la personalidad de los&nbsp;<strong>dijes<\/strong>. En nuestra colecci\u00f3n, hemos seleccionado perlas en tonalidades que enamoran por su suavidad y versatilidad.<\/p>\n\n\n\n<p><strong>1. Una paleta de colores para suspirar<strong>:<\/strong><\/strong> Olv\u00eddate de los colores chillones. Nuestra apuesta son los tonos que aportan luz y elegancia de forma discreta:<\/p>\n\n\n\n<ul class=\"wp-block-list\">\n<li><strong>Lila y Lavanda:<\/strong>\u00a0Ideales para dar un toque femenino y rom\u00e1ntico a tu look.<\/li>\n\n\n\n<li><strong>Naranja Suave y Melocot\u00f3n:<\/strong>\u00a0Perfectos para resaltar el bronceado o dar calidez a prendas blancas.<\/li>\n\n\n\n<li><strong>Caf\u00e9 y Tonos Tierra:<\/strong>\u00a0Una opci\u00f3n sofisticada que combina incre\u00edble con outfits de oficina o ropa en tonos beige y crema.<\/li>\n\n\n\n<li><strong>Blanco Puro:<\/strong>\u00a0El cl\u00e1sico que nunca falla, disponible en diferentes tama\u00f1os y formas.<\/li>\n<\/ul>\n\n\n\n<p><strong>2. Perlas con Dijes: <\/strong>El detalle que marca la diferencia<\/p>\n\n\n\n<p>Para quienes buscan algo m\u00e1s que un collar b\u00e1sico, nuestras piezas incorporan&nbsp;<strong>dijes seleccionados<\/strong>. Un dije puede cambiar totalmente el \u00abmood\u00bb de tu accesorio:<\/p>\n\n\n\n<ul class=\"wp-block-list\">\n<li>Un dije minimalista para un estilo profesional.<\/li>\n\n\n\n<li>Dijes divertidos para un look m\u00e1s juvenil y relajado.<\/li>\n\n\n\n<li>Esta mezcla hace que el collar de perlas sea la pieza central de tu atuendo, sin necesidad de a\u00f1adir nada m\u00e1s.<\/li>\n<\/ul>\n\n\n\n<p><strong>3. \u00bfC\u00f3mo combinarlas?<\/strong><\/p>\n\n\n\n<p>Gracias a que nuestros colores son\u00a0suaves y armoniosos, estas perlas son extremadamente f\u00e1ciles de usar:<\/p>\n\n\n\n<ul class=\"wp-block-list\">\n<li><strong>Con Vestiditos:<\/strong>\u00a0Si tienes un vestido de estilo \u00abantiguo\u00bb o rom\u00e1ntico, las perlas en tono lila o blanco son el match perfecto.<\/li>\n\n\n\n<li><strong>Look Casual:<\/strong>\u00a0Prueba un collar de perlas color caf\u00e9 o naranja suave con una blusa b\u00e1sica. Ver\u00e1s c\u00f3mo eleva tu imagen al instante sin verte demasiado formal.<\/li>\n\n\n\n<li><strong>Mix de Modelos:<\/strong>\u00a0No tengas miedo de usar diferentes largos. Nuestras perlas de colores combinan muy bien entre s\u00ed debido a su saturaci\u00f3n suave.<\/li>\n<\/ul>\n\n\n\n<p>Las perlas en tonos suaves son la mezcla perfecta entre la tradici\u00f3n y la modernidad. Son piezas que cuentan una historia y que, sobre todo, resaltan tu belleza natural de forma delicada.<\/p>\n","protected":false},"excerpt":{"rendered":"<p>El encanto de las Perlas: Colores suaves y dise\u00f1os con dijes para cada ocasi\u00f3n Las perlas han evolucionado. Ya no se trata solo del cl\u00e1sico collar blanco de una sola vuelta; hoy la tendencia se inclina hacia la&nbsp;delicadeza de los tonos pastel&nbsp;y la personalidad de los&nbsp;dijes. En nuestra colecci\u00f3n, hemos seleccionado perlas en tonalidades que&hellip;<\/p>\n","protected":false},"author":1,"featured_media":116,"comment_status":"open","ping_status":"open","sticky":false,"template":"","format":"standard","meta":{"footnotes":""},"categories":[1],"tags":[],"class_list":["post-115","post","type-post","status-publish","format-standard","has-post-thumbnail","hentry","category-uncategorized","category-1","description-off"],"_links":{"self":[{"href":"https:\/\/unifranz.ejesrl.net\/howlita\/wp-json\/wp\/v2\/posts\/115","targetHints":{"allow":["GET"]}}],"collection":[{"href":"https:\/\/unifranz.ejesrl.net\/howlita\/wp-json\/wp\/v2\/posts"}],"about":[{"href":"https:\/\/unifranz.ejesrl.net\/howlita\/wp-json\/wp\/v2\/types\/post"}],"author":[{"embeddable":true,"href":"https:\/\/unifranz.ejesrl.net\/howlita\/wp-json\/wp\/v2\/users\/1"}],"replies":[{"embeddable":true,"href":"https:\/\/unifranz.ejesrl.net\/howlita\/wp-json\/wp\/v2\/comments?post=115"}],"version-history":[{"count":1,"href":"https:\/\/unifranz.ejesrl.net\/howlita\/wp-json\/wp\/v2\/posts\/115\/revisions"}],"predecessor-version":[{"id":118,"href":"https:\/\/unifranz.ejesrl.net\/howlita\/wp-json\/wp\/v2\/posts\/115\/revisions\/118"}],"wp:featuredmedia":[{"embeddable":true,"href":"https:\/\/unifranz.ejesrl.net\/howlita\/wp-json\/wp\/v2\/media\/116"}],"wp:attachment":[{"href":"https:\/\/unifranz.ejesrl.net\/howlita\/wp-json\/wp\/v2\/media?parent=115"}],"wp:term":[{"taxonomy":"category","embeddable":true,"href":"https:\/\/unifranz.ejesrl.net\/howlita\/wp-json\/wp\/v2\/categories?post=115"},{"taxonomy":"post_tag","embeddable":true,"href":"https:\/\/unifranz.ejesrl.net\/howlita\/wp-json\/wp\/v2\/tags?post=115"}],"curies":[{"name":"wp","href":"https:\/\/api.w.org\/{rel}","templated":true}]}}